{"id":1369,"date":"2016-08-20T09:52:29","date_gmt":"2016-08-20T08:52:29","guid":{"rendered":"http:\/\/ninimouline.com\/?p=1369"},"modified":"2021-04-10T09:57:57","modified_gmt":"2021-04-10T08:57:57","slug":"tour-du-lot-2016","status":"publish","type":"post","link":"http:\/\/ninimouline.com\/?p=1369","title":{"rendered":"Tour du Lot 2016"},"content":{"rendered":"<p style=\"text-align: justify;\">Bien assis derri\u00e8re son \u00e9cran, il est facile de tracer un circuit sur open runner. Le Tour du Lot est n\u00e9 comme \u00e7a. Mais voil\u00e0 des mois que l&rsquo;on repousse l&rsquo;\u00e9ch\u00e9ance de se frotter aux 340 km qui bordurent le Quercy. Je n&rsquo;arrive pas \u00e0 me r\u00e9signer. Il faut faire ce Tour avant la fin d&rsquo;ann\u00e9e. Je l&rsquo;ai trac\u00e9. Je connais les routes. D\u00e9cision prise de tenter la boucle juste apr\u00e8s mes cong\u00e9s d&rsquo;\u00e9t\u00e9. Le beau temps est bien pr\u00e9sent et les journ\u00e9es encore longues. Petit SMS aux irr\u00e9ductibles compagnons qui d\u00e9sireraient partager cette journ\u00e9e. Ils n&rsquo;ont que 2 j pour ce d\u00e9cider&#8230;.<strong>Fabien<\/strong> et <strong>Jean-Marie<\/strong>&nbsp;rel\u00e8ve le d\u00e9fi ! G\u00e9nial, cela me rassure car il sera plus facile d&rsquo;\u00e9voluer \u00e0 trois et puis Luchon \/ Bayonne nous a bien r\u00e9ussi tous les 3.<!--more--><\/p>\n<p style=\"text-align: justify;\"><a href=\"http:\/\/ninimouline.com\/wp-content\/uploads\/2016\/08\/tour_du_lot2.png\" data-rel=\"lightbox-image-0\" data-rl_title=\"\" data-rl_caption=\"\" title=\"\"><img loading=\"lazy\" decoding=\"async\" data-attachment-id=\"1375\" data-permalink=\"http:\/\/ninimouline.com\/?attachment_id=1375\" data-orig-file=\"http:\/\/ninimouline.com\/wp-content\/uploads\/2016\/08\/tour_du_lot2.png\" data-orig-size=\"426,369\" data-comments-opened=\"1\" data-image-meta=\"{&quot;aperture&quot;:&quot;0&quot;,&quot;credit&quot;:&quot;&quot;,&quot;camera&quot;:&quot;&quot;,&quot;caption&quot;:&quot;&quot;,&quot;created_timestamp&quot;:&quot;0&quot;,&quot;copyright&quot;:&quot;&quot;,&quot;focal_length&quot;:&quot;0&quot;,&quot;iso&quot;:&quot;0&quot;,&quot;shutter_speed&quot;:&quot;0&quot;,&quot;title&quot;:&quot;&quot;,&quot;orientation&quot;:&quot;0&quot;}\" data-image-title=\"tour_du_lot2\" data-image-description=\"\" data-image-caption=\"\" data-medium-file=\"http:\/\/ninimouline.com\/wp-content\/uploads\/2016\/08\/tour_du_lot2-300x260.png\" data-large-file=\"http:\/\/ninimouline.com\/wp-content\/uploads\/2016\/08\/tour_du_lot2.png\" class=\" size-full wp-image-1375 aligncenter\" src=\"http:\/\/ninimouline.com\/wp-content\/uploads\/2016\/08\/tour_du_lot2.png\" alt=\"tour_du_lot2\" width=\"426\" height=\"369\" srcset=\"http:\/\/ninimouline.com\/wp-content\/uploads\/2016\/08\/tour_du_lot2.png 426w, http:\/\/ninimouline.com\/wp-content\/uploads\/2016\/08\/tour_du_lot2-300x260.png 300w\" sizes=\"(max-width: 426px) 100vw, 426px\" \/><\/a><\/p>\n<p style=\"text-align: justify;\"><strong>Un d\u00e9part en fanfare<\/strong><\/p>\n<p style=\"text-align: justify;\">Le d\u00e9part est donn\u00e9 de la maison \u00e0 6h40. Nous nous \u00e9lan\u00e7ons vaillamment sur le plateau de Lalbenque. Le vent n&rsquo;est pas fort mais de c\u00f4t\u00e9. La&nbsp;campagne semble se dorer par les premiers rayons du soleil.<\/p>\n<p style=\"text-align: justify;\"><a href=\"http:\/\/ninimouline.com\/wp-content\/uploads\/2016\/08\/20160813_070902.jpg\" data-rel=\"lightbox-image-1\" data-rl_title=\"\" data-rl_caption=\"\" title=\"\"><img loading=\"lazy\" decoding=\"async\" data-attachment-id=\"1376\" data-permalink=\"http:\/\/ninimouline.com\/?attachment_id=1376\" data-orig-file=\"http:\/\/ninimouline.com\/wp-content\/uploads\/2016\/08\/20160813_070902.jpg\" data-orig-size=\"800,600\" data-comments-opened=\"1\" data-image-meta=\"{&quot;aperture&quot;:&quot;2.2&quot;,&quot;credit&quot;:&quot;&quot;,&quot;camera&quot;:&quot;SM-G361F&quot;,&quot;caption&quot;:&quot;&quot;,&quot;created_timestamp&quot;:&quot;1471072142&quot;,&quot;copyright&quot;:&quot;&quot;,&quot;focal_length&quot;:&quot;3.3099975585938&quot;,&quot;iso&quot;:&quot;70&quot;,&quot;shutter_speed&quot;:&quot;0.01&quot;,&quot;title&quot;:&quot;&quot;,&quot;orientation&quot;:&quot;1&quot;}\" data-image-title=\"20160813_070902\" data-image-description=\"\" data-image-caption=\"\" data-medium-file=\"http:\/\/ninimouline.com\/wp-content\/uploads\/2016\/08\/20160813_070902-300x225.jpg\" data-large-file=\"http:\/\/ninimouline.com\/wp-content\/uploads\/2016\/08\/20160813_070902.jpg\" class=\" size-full wp-image-1376 aligncenter\" src=\"http:\/\/ninimouline.com\/wp-content\/uploads\/2016\/08\/20160813_070902.jpg\" alt=\"20160813_070902\" width=\"800\" height=\"600\" srcset=\"http:\/\/ninimouline.com\/wp-content\/uploads\/2016\/08\/20160813_070902.jpg 800w, http:\/\/ninimouline.com\/wp-content\/uploads\/2016\/08\/20160813_070902-300x225.jpg 300w\" sizes=\"(max-width: 800px) 100vw, 800px\" \/><\/a><\/p>\n<p style=\"text-align: justify;\">Nous roulons de front. En effet les voitures sont tr\u00e8s rares et nous en profitons. L&rsquo;allure est mod\u00e9r\u00e9e. Ce d\u00e9part prudent nous convient bien. La route entre Limognes et Cajarc est casse patte. Les talus ne sont pas longs. Notre vitesse augmente doucement.<\/p>\n<p style=\"text-align: justify;\"><a href=\"http:\/\/ninimouline.com\/wp-content\/uploads\/2016\/08\/20160813_082048.jpg\" data-rel=\"lightbox-image-2\" data-rl_title=\"\" data-rl_caption=\"\" title=\"\"><img loading=\"lazy\" decoding=\"async\" data-attachment-id=\"1377\" data-permalink=\"http:\/\/ninimouline.com\/?attachment_id=1377\" data-orig-file=\"http:\/\/ninimouline.com\/wp-content\/uploads\/2016\/08\/20160813_082048.jpg\" data-orig-size=\"800,600\" data-comments-opened=\"1\" data-image-meta=\"{&quot;aperture&quot;:&quot;2.2&quot;,&quot;credit&quot;:&quot;&quot;,&quot;camera&quot;:&quot;SM-G361F&quot;,&quot;caption&quot;:&quot;&quot;,&quot;created_timestamp&quot;:&quot;1471076448&quot;,&quot;copyright&quot;:&quot;&quot;,&quot;focal_length&quot;:&quot;3.3099975585938&quot;,&quot;iso&quot;:&quot;50&quot;,&quot;shutter_speed&quot;:&quot;0.0025&quot;,&quot;title&quot;:&quot;&quot;,&quot;orientation&quot;:&quot;1&quot;}\" data-image-title=\"20160813_082048\" data-image-description=\"\" data-image-caption=\"\" data-medium-file=\"http:\/\/ninimouline.com\/wp-content\/uploads\/2016\/08\/20160813_082048-300x225.jpg\" data-large-file=\"http:\/\/ninimouline.com\/wp-content\/uploads\/2016\/08\/20160813_082048.jpg\" class=\" size-full wp-image-1377 aligncenter\" src=\"http:\/\/ninimouline.com\/wp-content\/uploads\/2016\/08\/20160813_082048.jpg\" alt=\"20160813_082048\" width=\"800\" height=\"600\" srcset=\"http:\/\/ninimouline.com\/wp-content\/uploads\/2016\/08\/20160813_082048.jpg 800w, http:\/\/ninimouline.com\/wp-content\/uploads\/2016\/08\/20160813_082048-300x225.jpg 300w\" sizes=\"(max-width: 800px) 100vw, 800px\" \/><\/a> <a href=\"http:\/\/ninimouline.com\/wp-content\/uploads\/2016\/08\/20160813_0709021.jpg\" data-rel=\"lightbox-image-3\" data-rl_title=\"\" data-rl_caption=\"\" title=\"\"><br \/>\n<\/a>Nous ne sommes pas Belge mais sommes tout de m\u00eame de passage \u00e0 Cajarc. La premi\u00e8re grosse difficult\u00e9 se dresse \u00e0 la sortie du village. Bis repetita pour <strong>Fabien<\/strong> et moi qui avons emprunt\u00e9 cette m\u00eame route 1 semaine plus t\u00f4t \u00e0 l&rsquo;occasion de la V\u00e9lotoise. La socquette est plus l\u00e9g\u00e8re ce matin !&nbsp;<a href=\"http:\/\/ninimouline.com\/wp-content\/uploads\/2016\/08\/20160813_093732.jpg\" data-rel=\"lightbox-image-4\" data-rl_title=\"\" data-rl_caption=\"\" title=\"\"><br \/>\n<\/a><a href=\"http:\/\/ninimouline.com\/wp-content\/uploads\/2016\/08\/20160813_2214031.jpg\" data-rel=\"lightbox-image-5\" data-rl_title=\"\" data-rl_caption=\"\" title=\"\"><br \/>\n<\/a><\/p>\n<p style=\"text-align: justify;\">Voil\u00e0 2h30 que nous roulons. Nous atteignons Figeac \u00e0 la moyenne de 27 km\/h. Arr\u00eat pipi \u00e0 la sortie de la cit\u00e9 de Champollion. Apparemment un \u00e9nergum\u00e8ne nous crie&nbsp;que nous urinons violet ! Nous l&rsquo;aurions bien invit\u00e9 \u00e0 nous rejoindre pour partager un bout de route&#8230;.mais visiblement il paraissait bien press\u00e9 dans sa voiture !<\/p>\n<p style=\"text-align: justify;\">On maintient le tempo \u00e0 plus de 30 km\/h pour remonter la vall\u00e9e du C\u00e9l\u00e9. La route est belle.<\/p>\n<p style=\"text-align: justify;\"><a href=\"http:\/\/ninimouline.com\/wp-content\/uploads\/2016\/08\/20160813_0937321.jpg\" data-rel=\"lightbox-image-6\" data-rl_title=\"\" data-rl_caption=\"\" title=\"\"><img loading=\"lazy\" decoding=\"async\" data-attachment-id=\"1389\" data-permalink=\"http:\/\/ninimouline.com\/?attachment_id=1389\" data-orig-file=\"http:\/\/ninimouline.com\/wp-content\/uploads\/2016\/08\/20160813_0937321.jpg\" data-orig-size=\"800,600\" data-comments-opened=\"1\" data-image-meta=\"{&quot;aperture&quot;:&quot;2.2&quot;,&quot;credit&quot;:&quot;&quot;,&quot;camera&quot;:&quot;SM-G361F&quot;,&quot;caption&quot;:&quot;&quot;,&quot;created_timestamp&quot;:&quot;1471081052&quot;,&quot;copyright&quot;:&quot;&quot;,&quot;focal_length&quot;:&quot;3.3099975585938&quot;,&quot;iso&quot;:&quot;60&quot;,&quot;shutter_speed&quot;:&quot;0.02&quot;,&quot;title&quot;:&quot;&quot;,&quot;orientation&quot;:&quot;1&quot;}\" data-image-title=\"20160813_093732\" data-image-description=\"\" data-image-caption=\"\" data-medium-file=\"http:\/\/ninimouline.com\/wp-content\/uploads\/2016\/08\/20160813_0937321-300x225.jpg\" data-large-file=\"http:\/\/ninimouline.com\/wp-content\/uploads\/2016\/08\/20160813_0937321.jpg\" class=\" size-full wp-image-1389 aligncenter\" src=\"http:\/\/ninimouline.com\/wp-content\/uploads\/2016\/08\/20160813_0937321.jpg\" alt=\"20160813_093732\" width=\"800\" height=\"600\" srcset=\"http:\/\/ninimouline.com\/wp-content\/uploads\/2016\/08\/20160813_0937321.jpg 800w, http:\/\/ninimouline.com\/wp-content\/uploads\/2016\/08\/20160813_0937321-300x225.jpg 300w\" sizes=\"(max-width: 800px) 100vw, 800px\" \/><\/a><\/p>\n<p style=\"text-align: justify;\">Au bout de 8 km, nous tournons \u00e0 gauche en direction de Latronqui\u00e8re. Il est temps d&rsquo;avaler le gros pav\u00e9 de la matin\u00e9. 20 km d&rsquo;ascension sur une route sublime. Sur la cr\u00eate, les faux plats permettent de relancer pour atteindre sans difficult\u00e9 le point culminant de notre journ\u00e9e : le pas des Aubini\u00e9s \u00e0 654 m.<\/p>\n<p style=\"text-align: justify;\"><a href=\"http:\/\/ninimouline.com\/wp-content\/uploads\/2016\/08\/20160813_105356.jpg\" data-rel=\"lightbox-image-7\" data-rl_title=\"\" data-rl_caption=\"\" title=\"\"><img loading=\"lazy\" decoding=\"async\" data-attachment-id=\"1380\" data-permalink=\"http:\/\/ninimouline.com\/?attachment_id=1380\" data-orig-file=\"http:\/\/ninimouline.com\/wp-content\/uploads\/2016\/08\/20160813_105356.jpg\" data-orig-size=\"800,600\" data-comments-opened=\"1\" data-image-meta=\"{&quot;aperture&quot;:&quot;2.2&quot;,&quot;credit&quot;:&quot;&quot;,&quot;camera&quot;:&quot;SM-G361F&quot;,&quot;caption&quot;:&quot;&quot;,&quot;created_timestamp&quot;:&quot;1471085636&quot;,&quot;copyright&quot;:&quot;&quot;,&quot;focal_length&quot;:&quot;3.3099975585938&quot;,&quot;iso&quot;:&quot;50&quot;,&quot;shutter_speed&quot;:&quot;0.0013123359580052&quot;,&quot;title&quot;:&quot;&quot;,&quot;orientation&quot;:&quot;1&quot;}\" data-image-title=\"20160813_105356\" data-image-description=\"\" data-image-caption=\"\" data-medium-file=\"http:\/\/ninimouline.com\/wp-content\/uploads\/2016\/08\/20160813_105356-300x225.jpg\" data-large-file=\"http:\/\/ninimouline.com\/wp-content\/uploads\/2016\/08\/20160813_105356.jpg\" class=\" size-full wp-image-1380 aligncenter\" src=\"http:\/\/ninimouline.com\/wp-content\/uploads\/2016\/08\/20160813_105356.jpg\" alt=\"20160813_105356\" width=\"800\" height=\"600\" srcset=\"http:\/\/ninimouline.com\/wp-content\/uploads\/2016\/08\/20160813_105356.jpg 800w, http:\/\/ninimouline.com\/wp-content\/uploads\/2016\/08\/20160813_105356-300x225.jpg 300w\" sizes=\"(max-width: 800px) 100vw, 800px\" \/><\/a><\/p>\n<p style=\"text-align: justify;\">Petit arr\u00eat au bistrot de Latronqui\u00e8re pour refaire le plein des bidons. Le vent est favorable, on se r\u00e9gale. Nous sommes en avance sur notre plan de marche. Pour le moment la chaleur qui s&rsquo;invite au bal n&rsquo;est pas g\u00eanante.<\/p>\n<p style=\"text-align: justify;\">Nous atteignons Souceyrac vers 11h avec 110 km au compteur. Il en reste une bonne vingtaine pour faire une premi\u00e8re pause casse cro\u00fbte chez les parents de <strong>Fabien<\/strong> \u00e0 Biars sur C\u00e8re. Sur le plateau, on tourne \u00e0 droite pour emprunter la longue et sinueuse descente de Cornac.<\/p>\n<p style=\"text-align: justify;\">Nous retrouvons la civilisation \u00e0 Bretenoux. Concert de Klaxon&#8230;\u00e7a bouchonne le jour du march\u00e9. Mme <strong>Delpy<\/strong> nous attend et nous re\u00e7oit comme il se doit. Nous sommes bien assis \u00e0 l&rsquo;ombre d&rsquo;une terrasse et ne voyons pas le temps passer. 30 minutes d&rsquo;arr\u00eat&#8230;il faut partir maintenant.<\/p>\n<p style=\"text-align: justify;\"><strong>Dans la fournaise<\/strong><\/p>\n<p style=\"text-align: justify;\">D\u00e8s les premiers coups de p\u00e9dales, nous sentons une chaleur \u00e9touffante. La route est plate durant 28 km. Alors rapidement, nous prenons des relais courts pour imprimer un rythme efficace.&nbsp;Peu avant Turenne, au km 160, nous tournons sur la gauche pour escalader la bosse de Sarrazac (4 km). Je sens les jambes moins l\u00e9g\u00e8res. Jean Marie \u00e0 l&rsquo;air plut\u00f4t efficace. Fabien lui ne laisse rien para\u00eetre ! Il faut atteindre Gignac. Il fait de plus en plus chaud. Nous continuons \u00e0 bien rouler. Un arr\u00eat est pr\u00e9vu \u00e0 Souillac pour refaire le plein d&rsquo;eau.<\/p>\n<p style=\"text-align: justify;\">L&rsquo;\u00e9tape Souillac\/Gourdon n&rsquo;est en principe qu&rsquo;une simple formalit\u00e9. Oui mais cela fait un peu plus de 8 h que nous sommes partie pour couvrir 200 km et le compteur affiche une temp\u00e9rature de 37 \u00b0 !!!<\/p>\n<p style=\"text-align: justify;\"><a href=\"http:\/\/ninimouline.com\/wp-content\/uploads\/2016\/08\/20160813_145310.jpg\" data-rel=\"lightbox-image-8\" data-rl_title=\"\" data-rl_caption=\"\" title=\"\"><img loading=\"lazy\" decoding=\"async\" data-attachment-id=\"1392\" data-permalink=\"http:\/\/ninimouline.com\/?attachment_id=1392\" data-orig-file=\"http:\/\/ninimouline.com\/wp-content\/uploads\/2016\/08\/20160813_145310.jpg\" data-orig-size=\"800,600\" data-comments-opened=\"1\" data-image-meta=\"{&quot;aperture&quot;:&quot;2.4&quot;,&quot;credit&quot;:&quot;&quot;,&quot;camera&quot;:&quot;SM-G361F&quot;,&quot;caption&quot;:&quot;&quot;,&quot;created_timestamp&quot;:&quot;1471099990&quot;,&quot;copyright&quot;:&quot;&quot;,&quot;focal_length&quot;:&quot;2.3500061035156&quot;,&quot;iso&quot;:&quot;50&quot;,&quot;shutter_speed&quot;:&quot;0.0005952380952381&quot;,&quot;title&quot;:&quot;&quot;,&quot;orientation&quot;:&quot;1&quot;}\" data-image-title=\"20160813_145310\" data-image-description=\"\" data-image-caption=\"\" data-medium-file=\"http:\/\/ninimouline.com\/wp-content\/uploads\/2016\/08\/20160813_145310-300x225.jpg\" data-large-file=\"http:\/\/ninimouline.com\/wp-content\/uploads\/2016\/08\/20160813_145310.jpg\" class=\" size-full wp-image-1392 aligncenter\" src=\"http:\/\/ninimouline.com\/wp-content\/uploads\/2016\/08\/20160813_145310.jpg\" alt=\"20160813_145310\" width=\"800\" height=\"600\" srcset=\"http:\/\/ninimouline.com\/wp-content\/uploads\/2016\/08\/20160813_145310.jpg 800w, http:\/\/ninimouline.com\/wp-content\/uploads\/2016\/08\/20160813_145310-300x225.jpg 300w\" sizes=\"(max-width: 800px) 100vw, 800px\" \/><\/a><\/p>\n<p style=\"text-align: justify;\">On baisse volontairement l&rsquo;allure&#8230;.mais il est d\u00e9j\u00e0 trop tard en ce qui me concerne ! L&rsquo;insolation me guette. Du c\u00f4t\u00e9 de Lamothe Fenelon <strong>Fabien<\/strong> accuse aussi le coup mais il va rapidement retrouver ses jambes. Nos pieds sont en feu. Au moindre talus, je ne peut plus suivre mes compagnons. L&rsquo;apr\u00e8s-midi va \u00eatre longue.<\/p>\n<p style=\"text-align: justify;\"><a href=\"http:\/\/ninimouline.com\/wp-content\/uploads\/2016\/08\/20160813_162004-e1471677748384.jpg\" data-rel=\"lightbox-image-9\" data-rl_title=\"\" data-rl_caption=\"\" title=\"\"><img loading=\"lazy\" decoding=\"async\" data-attachment-id=\"1382\" data-permalink=\"http:\/\/ninimouline.com\/?attachment_id=1382\" data-orig-file=\"http:\/\/ninimouline.com\/wp-content\/uploads\/2016\/08\/20160813_162004-e1471677748384.jpg\" data-orig-size=\"600,800\" data-comments-opened=\"1\" data-image-meta=\"{&quot;aperture&quot;:&quot;2.2&quot;,&quot;credit&quot;:&quot;&quot;,&quot;camera&quot;:&quot;SM-G361F&quot;,&quot;caption&quot;:&quot;&quot;,&quot;created_timestamp&quot;:&quot;1471105204&quot;,&quot;copyright&quot;:&quot;&quot;,&quot;focal_length&quot;:&quot;3.3099975585938&quot;,&quot;iso&quot;:&quot;60&quot;,&quot;shutter_speed&quot;:&quot;0.01&quot;,&quot;title&quot;:&quot;&quot;,&quot;orientation&quot;:&quot;6&quot;}\" data-image-title=\"20160813_162004\" data-image-description=\"\" data-image-caption=\"\" data-medium-file=\"http:\/\/ninimouline.com\/wp-content\/uploads\/2016\/08\/20160813_162004-e1471677748384-225x300.jpg\" data-large-file=\"http:\/\/ninimouline.com\/wp-content\/uploads\/2016\/08\/20160813_162004-e1471677748384.jpg\" class=\" size-full wp-image-1382 aligncenter\" src=\"http:\/\/ninimouline.com\/wp-content\/uploads\/2016\/08\/20160813_162004-e1471677748384.jpg\" alt=\"20160813_162004\" width=\"600\" height=\"800\" srcset=\"http:\/\/ninimouline.com\/wp-content\/uploads\/2016\/08\/20160813_162004-e1471677748384.jpg 600w, http:\/\/ninimouline.com\/wp-content\/uploads\/2016\/08\/20160813_162004-e1471677748384-225x300.jpg 225w\" sizes=\"(max-width: 600px) 100vw, 600px\" \/><\/a><\/p>\n<p style=\"text-align: justify;\">Arriv\u00e9e \u00e0 Salviac vers 16h30. Cela fait 9h40 que nous sommes partis. 230 Km au compteur. <strong>Jean-Marie<\/strong> et <strong>Fabien<\/strong> s&rsquo;inqui\u00e8tent pour moi&#8230; Je suis livide. Je ruisselle et j&rsquo;ai du mal \u00e0 rester debout. Je sais qu&rsquo;il me sera difficile de redresser la barre. J&rsquo;ai d\u00e9j\u00e0 connu une pareille d\u00e9faillance sur un brevet de 600. Heureusement je peux compter sur ces 2 gaillards pour m&#8217;emmener. Sur le plat je me force \u00e0 rester dans les roues mais dans les bosses&#8230;.j&rsquo;ouvre le parachute !<\/p>\n<p style=\"text-align: justify;\"><strong>Jean-Marie<\/strong> cr\u00e8ve de la roue arri\u00e8re juste apr\u00e8s Salviac. Il r\u00e9pare sans trop de difficult\u00e9. Preuve qu&rsquo;il est bien lucide !<\/p>\n<p style=\"text-align: justify;\"><a href=\"http:\/\/ninimouline.com\/wp-content\/uploads\/2016\/08\/20160813_163848.jpg\" data-rel=\"lightbox-image-10\" data-rl_title=\"\" data-rl_caption=\"\" title=\"\"><img loading=\"lazy\" decoding=\"async\" data-attachment-id=\"1383\" data-permalink=\"http:\/\/ninimouline.com\/?attachment_id=1383\" data-orig-file=\"http:\/\/ninimouline.com\/wp-content\/uploads\/2016\/08\/20160813_163848.jpg\" data-orig-size=\"800,600\" data-comments-opened=\"1\" data-image-meta=\"{&quot;aperture&quot;:&quot;2.2&quot;,&quot;credit&quot;:&quot;&quot;,&quot;camera&quot;:&quot;SM-G361F&quot;,&quot;caption&quot;:&quot;&quot;,&quot;created_timestamp&quot;:&quot;1471106328&quot;,&quot;copyright&quot;:&quot;&quot;,&quot;focal_length&quot;:&quot;3.3099975585938&quot;,&quot;iso&quot;:&quot;50&quot;,&quot;shutter_speed&quot;:&quot;0.0091743119266055&quot;,&quot;title&quot;:&quot;&quot;,&quot;orientation&quot;:&quot;1&quot;}\" data-image-title=\"20160813_163848\" data-image-description=\"\" data-image-caption=\"\" data-medium-file=\"http:\/\/ninimouline.com\/wp-content\/uploads\/2016\/08\/20160813_163848-300x225.jpg\" data-large-file=\"http:\/\/ninimouline.com\/wp-content\/uploads\/2016\/08\/20160813_163848.jpg\" class=\" size-full wp-image-1383 aligncenter\" src=\"http:\/\/ninimouline.com\/wp-content\/uploads\/2016\/08\/20160813_163848.jpg\" alt=\"20160813_163848\" width=\"800\" height=\"600\" srcset=\"http:\/\/ninimouline.com\/wp-content\/uploads\/2016\/08\/20160813_163848.jpg 800w, http:\/\/ninimouline.com\/wp-content\/uploads\/2016\/08\/20160813_163848-300x225.jpg 300w\" sizes=\"(max-width: 800px) 100vw, 800px\" \/><\/a><\/p>\n<p style=\"text-align: justify;\">On repart et je peste un peu. La route permet d&rsquo;enrouler du braquet, mais j&rsquo;en suis bien incapable et ne peut faire ma part du travail. Les bosses de la Bouriane sont intraitables. Nous arrivons \u00e0 Frayssinet le Gelat et <strong>Fabien<\/strong> se porte \u00e0 l&rsquo;avant pour mener notre petit train \u00e0 33 km\/h durant 15 km. Impressionnant. Il est en forme \u00e0 quelques semaines de son Trail du GRP.<\/p>\n<p style=\"text-align: justify;\"><a href=\"http:\/\/ninimouline.com\/wp-content\/uploads\/2016\/08\/20160813_175251.jpg\" data-rel=\"lightbox-image-11\" data-rl_title=\"\" data-rl_caption=\"\" title=\"\"><img loading=\"lazy\" decoding=\"async\" data-attachment-id=\"1385\" data-permalink=\"http:\/\/ninimouline.com\/?attachment_id=1385\" data-orig-file=\"http:\/\/ninimouline.com\/wp-content\/uploads\/2016\/08\/20160813_175251.jpg\" data-orig-size=\"800,600\" data-comments-opened=\"1\" data-image-meta=\"{&quot;aperture&quot;:&quot;2.2&quot;,&quot;credit&quot;:&quot;&quot;,&quot;camera&quot;:&quot;SM-G361F&quot;,&quot;caption&quot;:&quot;&quot;,&quot;created_timestamp&quot;:&quot;1471110771&quot;,&quot;copyright&quot;:&quot;&quot;,&quot;focal_length&quot;:&quot;3.3099975585938&quot;,&quot;iso&quot;:&quot;50&quot;,&quot;shutter_speed&quot;:&quot;0.0013888888888889&quot;,&quot;title&quot;:&quot;&quot;,&quot;orientation&quot;:&quot;1&quot;}\" data-image-title=\"20160813_175251\" data-image-description=\"\" data-image-caption=\"\" data-medium-file=\"http:\/\/ninimouline.com\/wp-content\/uploads\/2016\/08\/20160813_175251-300x225.jpg\" data-large-file=\"http:\/\/ninimouline.com\/wp-content\/uploads\/2016\/08\/20160813_175251.jpg\" class=\" size-full wp-image-1385 aligncenter\" src=\"http:\/\/ninimouline.com\/wp-content\/uploads\/2016\/08\/20160813_175251.jpg\" alt=\"20160813_175251\" width=\"800\" height=\"600\" srcset=\"http:\/\/ninimouline.com\/wp-content\/uploads\/2016\/08\/20160813_175251.jpg 800w, http:\/\/ninimouline.com\/wp-content\/uploads\/2016\/08\/20160813_175251-300x225.jpg 300w\" sizes=\"(max-width: 800px) 100vw, 800px\" \/><\/a><\/p>\n<p style=\"text-align: justify;\"><strong>FUMEL il faut manger !<\/strong><\/p>\n<p style=\"text-align: justify;\">270 km au compteur. Je trouve une boulangerie. Je suis \u00e0 la limite du malaise quand je reste debout. Je ne peux avaler qu&rsquo;un croissant. <strong>Fabien<\/strong> trouve un sandwich. Je file devant en sachant que les bosses se dressent devant nous pour atteindre Montcuq. Maintenant c&rsquo;est s\u00fbr nous finirons \u00e0 la nuit.<\/p>\n<p style=\"text-align: justify;\"><strong>Fabien<\/strong> et <strong>Jean-Marie<\/strong> me reviennent dessus peu avant Mauroux. Je les lib\u00e8re car je tra\u00eene ma carcasse \u00e0 8 km\/h dans les bosses. Il n&rsquo;est pas exclu que je m&rsquo;arr\u00eate l\u00e0. Apr\u00e8s discussion, ils acceptent de me laisser sachant que j&rsquo;appellerai <strong>Fani<\/strong> pour me r\u00e9cup\u00e9rer si \u00e7a ne va pas. En attendant on continu d&rsquo;avancer.<\/p>\n<p style=\"text-align: justify;\">A St Matr\u00e9 au km 300, je me r\u00e9signe \u00e0 ne plus poursuivre le circuit. Je ne suis plus que l&rsquo;hombre de moi m\u00eame. Apr\u00e8s discussion avec <strong>Fani<\/strong>, j&rsquo;opte pour un retour par Sauzet. La route est plate et le vent me pousse. C&rsquo;est une bonne solution qui me permet de filer vers Cahors. Pour <strong>Fabien<\/strong> et <strong>Jean-Marie<\/strong> qui suive le circuit jusqu&rsquo;\u00e0 Castlenau-Montratier&#8230;c&rsquo;est une autre limonade !<\/p>\n<p style=\"text-align: justify;\"><a href=\"http:\/\/ninimouline.com\/wp-content\/uploads\/2016\/08\/20160813_201106-e1471679625815.jpg\" data-rel=\"lightbox-image-12\" data-rl_title=\"\" data-rl_caption=\"\" title=\"\"><img loading=\"lazy\" decoding=\"async\" data-attachment-id=\"1387\" data-permalink=\"http:\/\/ninimouline.com\/?attachment_id=1387\" data-orig-file=\"http:\/\/ninimouline.com\/wp-content\/uploads\/2016\/08\/20160813_201106-e1471679625815.jpg\" data-orig-size=\"600,800\" data-comments-opened=\"1\" data-image-meta=\"{&quot;aperture&quot;:&quot;2.2&quot;,&quot;credit&quot;:&quot;&quot;,&quot;camera&quot;:&quot;SM-G361F&quot;,&quot;caption&quot;:&quot;&quot;,&quot;created_timestamp&quot;:&quot;1471119066&quot;,&quot;copyright&quot;:&quot;&quot;,&quot;focal_length&quot;:&quot;3.3099975585938&quot;,&quot;iso&quot;:&quot;50&quot;,&quot;shutter_speed&quot;:&quot;0.0026525198938992&quot;,&quot;title&quot;:&quot;&quot;,&quot;orientation&quot;:&quot;6&quot;}\" data-image-title=\"20160813_201106\" data-image-description=\"\" data-image-caption=\"\" data-medium-file=\"http:\/\/ninimouline.com\/wp-content\/uploads\/2016\/08\/20160813_201106-e1471679625815-225x300.jpg\" data-large-file=\"http:\/\/ninimouline.com\/wp-content\/uploads\/2016\/08\/20160813_201106-e1471679625815.jpg\" class=\" size-full wp-image-1387 aligncenter\" src=\"http:\/\/ninimouline.com\/wp-content\/uploads\/2016\/08\/20160813_201106-e1471679625815.jpg\" alt=\"20160813_201106\" width=\"600\" height=\"800\" srcset=\"http:\/\/ninimouline.com\/wp-content\/uploads\/2016\/08\/20160813_201106-e1471679625815.jpg 600w, http:\/\/ninimouline.com\/wp-content\/uploads\/2016\/08\/20160813_201106-e1471679625815-225x300.jpg 225w\" sizes=\"(max-width: 600px) 100vw, 600px\" \/><\/a><\/p>\n<p style=\"text-align: justify;\">21h15 je grimpe la c\u00f4te de la Marchande \u00e0 moins de 5 km de la maison. <strong>Fani<\/strong> est d\u00e8j\u00e0 parti \u00e0 la rencontre de <strong>Fabien<\/strong> et <strong>Jean<\/strong>&#8211;<strong>Marie<\/strong>&nbsp;pour leur donner des chasubles et autres \u00e9clairages.<\/p>\n<p style=\"text-align: justify;\">Je prend juste le temps de m&rsquo;\u00e9quiper pour la nuit et je file sur&nbsp;le circuit en sens inverse pour retrouver les courageux. Je me sens un peu g\u00ean\u00e9 de les avoir abandonn\u00e9.<\/p>\n<p style=\"text-align: justify;\">Il est 22h quand nous arrivons \u00e0 la M\u00e9tairie Petite, terme de ce Tour du Lot. Une belle table est dress\u00e9e en terrasse. Merci <strong>Fani<\/strong> !<\/p>\n<p style=\"text-align: justify;\">Sous une m\u00e9t\u00e9o caniculaire, <strong>Fabien<\/strong> et <strong>Jean<\/strong>&#8211;<strong>Marie<\/strong> sont donc les premiers laur\u00e9ats de ce Tour du Lot. Il aura fallu 15h25 (dont 13h30 de v\u00e9lo) pour boucler les 350 km du circuit. Le d\u00e9nivel\u00e9 positif avoisine les 3600 m. Avec 20 km de moins au compteur et 3 s\u00e9rieuses bosses en moins, j&rsquo;ai r\u00e9ussi \u00e0 rallier l&rsquo;arriv\u00e9e. Cet itin\u00e9raire bis \u00e9tait finalement une bonne option compte tenu de mon \u00e9tat mais laisse un gout d&rsquo;inachev\u00e9 !!!<\/p>\n<p style=\"text-align: justify;\">D&rsquo;avis unanime, le circuit est superbe et rendez-vous est pris en 2017 pour retenter la boucle.<\/p>\n<p style=\"text-align: justify;\"><a href=\"http:\/\/ninimouline.com\/wp-content\/uploads\/2016\/08\/20160813_2214031.jpg\" data-rel=\"lightbox-image-13\" data-rl_title=\"\" data-rl_caption=\"\" title=\"\"><img loading=\"lazy\" decoding=\"async\" data-attachment-id=\"1386\" data-permalink=\"http:\/\/ninimouline.com\/?attachment_id=1386\" data-orig-file=\"http:\/\/ninimouline.com\/wp-content\/uploads\/2016\/08\/20160813_2214031.jpg\" data-orig-size=\"800,600\" data-comments-opened=\"1\" data-image-meta=\"{&quot;aperture&quot;:&quot;2.2&quot;,&quot;credit&quot;:&quot;&quot;,&quot;camera&quot;:&quot;SM-G361F&quot;,&quot;caption&quot;:&quot;&quot;,&quot;created_timestamp&quot;:&quot;1471126443&quot;,&quot;copyright&quot;:&quot;&quot;,&quot;focal_length&quot;:&quot;3.3099975585938&quot;,&quot;iso&quot;:&quot;780&quot;,&quot;shutter_speed&quot;:&quot;0.1&quot;,&quot;title&quot;:&quot;&quot;,&quot;orientation&quot;:&quot;1&quot;}\" data-image-title=\"20160813_221403\" data-image-description=\"\" data-image-caption=\"\" data-medium-file=\"http:\/\/ninimouline.com\/wp-content\/uploads\/2016\/08\/20160813_2214031-300x225.jpg\" data-large-file=\"http:\/\/ninimouline.com\/wp-content\/uploads\/2016\/08\/20160813_2214031.jpg\" class=\" size-full wp-image-1386 aligncenter\" src=\"http:\/\/ninimouline.com\/wp-content\/uploads\/2016\/08\/20160813_2214031.jpg\" alt=\"20160813_221403\" width=\"800\" height=\"600\" srcset=\"http:\/\/ninimouline.com\/wp-content\/uploads\/2016\/08\/20160813_2214031.jpg 800w, http:\/\/ninimouline.com\/wp-content\/uploads\/2016\/08\/20160813_2214031-300x225.jpg 300w\" sizes=\"(max-width: 800px) 100vw, 800px\" \/><\/a><\/p>\n","protected":false},"excerpt":{"rendered":"<p>Bien assis derri\u00e8re son \u00e9cran, il est facile de tracer un circuit sur open runner. Le Tour du Lot est [&#8230;]<\/p>\n","protected":false},"author":1,"featured_media":1371,"comment_status":"open","ping_status":"open","sticky":false,"template":"","format":"standard","meta":{"jetpack_post_was_ever_published":false,"_jetpack_newsletter_access":"","_jetpack_dont_email_post_to_subs":false,"_jetpack_newsletter_tier_id":0,"_jetpack_memberships_contains_paywalled_content":false,"_jetpack_memberships_contains_paid_content":false,"footnotes":""},"categories":[28],"tags":[],"jetpack_featured_media_url":"http:\/\/ninimouline.com\/wp-content\/uploads\/2016\/08\/20160813_221403.jpg","jetpack_sharing_enabled":true,"_links":{"self":[{"href":"http:\/\/ninimouline.com\/index.php?rest_route=\/wp\/v2\/posts\/1369"}],"collection":[{"href":"http:\/\/ninimouline.com\/index.php?rest_route=\/wp\/v2\/posts"}],"about":[{"href":"http:\/\/ninimouline.com\/index.php?rest_route=\/wp\/v2\/types\/post"}],"author":[{"embeddable":true,"href":"http:\/\/ninimouline.com\/index.php?rest_route=\/wp\/v2\/users\/1"}],"replies":[{"embeddable":true,"href":"http:\/\/ninimouline.com\/index.php?rest_route=%2Fwp%2Fv2%2Fcomments&post=1369"}],"version-history":[{"count":12,"href":"http:\/\/ninimouline.com\/index.php?rest_route=\/wp\/v2\/posts\/1369\/revisions"}],"predecessor-version":[{"id":3090,"href":"http:\/\/ninimouline.com\/index.php?rest_route=\/wp\/v2\/posts\/1369\/revisions\/3090"}],"wp:featuredmedia":[{"embeddable":true,"href":"http:\/\/ninimouline.com\/index.php?rest_route=\/wp\/v2\/media\/1371"}],"wp:attachment":[{"href":"http:\/\/ninimouline.com\/index.php?rest_route=%2Fwp%2Fv2%2Fmedia&parent=1369"}],"wp:term":[{"taxonomy":"category","embeddable":true,"href":"http:\/\/ninimouline.com\/index.php?rest_route=%2Fwp%2Fv2%2Fcategories&post=1369"},{"taxonomy":"post_tag","embeddable":true,"href":"http:\/\/ninimouline.com\/index.php?rest_route=%2Fwp%2Fv2%2Ftags&post=1369"}],"curies":[{"name":"wp","href":"https:\/\/api.w.org\/{rel}","templated":true}]}}